{"id":5747,"date":"2025-05-05T05:57:31","date_gmt":"2025-05-05T03:57:31","guid":{"rendered":"https:\/\/paroisse-jean-23.fr\/wp\/?p=5747"},"modified":"2025-05-19T21:10:28","modified_gmt":"2025-05-19T19:10:28","slug":"concert-gospel-a-st-genies-des-mourgues-le-24-mai","status":"publish","type":"post","link":"https:\/\/paroisse-jean-23.fr\/wp\/concert-gospel-a-st-genies-des-mourgues-le-24-mai\/","title":{"rendered":"Concert Gospel \u00e0 St. G\u00e9nies des Mourgues le 24 mai"},"content":{"rendered":"<p>L&rsquo;association Amiti\u00e9 Jean XXIII et le Secours Catholique vous invitent \u00e0 <strong>un concert de chants Gospel le 24 mai 2025 \u00e0 20h30 \u00e0 l&rsquo;\u00e9glise de Saint G\u00e9nies des Mourgues<\/strong> (participation au chapeau).\u00a0C&rsquo;est le groupe f\u00e9minin Les Lez&rsquo; Go Singer qui animera la soir\u00e9e<\/p>\n<p>Venez nombreux pour partager un moment musical suivi du verre de l&rsquo;amiti\u00e9.<\/p>\n","protected":false},"excerpt":{"rendered":"<p>L&rsquo;association Amiti\u00e9 Jean XXIII et le Secours Catholique vous invitent \u00e0 un concert de chants Gospel le 24 mai 2025 \u00e0 20h30 \u00e0 l&rsquo;\u00e9glise de<span class=\"more-link\"><a href=\"https:\/\/paroisse-jean-23.fr\/wp\/concert-gospel-a-st-genies-des-mourgues-le-24-mai\/\">Lire la suite<\/a><\/span><\/p>\n","protected":false},"author":1,"featured_media":5762,"comment_status":"open","ping_status":"open","sticky":false,"template":"","format":"standard","meta":{"footnotes":""},"categories":[341,1],"tags":[394],"class_list":["entry","author-jean","post-5747","post","type-post","status-publish","format-standard","has-post-thumbnail","category-au-sein-de-la-paroisse","category-non-classe","tag-concert-de-gospel"],"_links":{"self":[{"href":"https:\/\/paroisse-jean-23.fr\/wp\/wp-json\/wp\/v2\/posts\/5747","targetHints":{"allow":["GET"]}}],"collection":[{"href":"https:\/\/paroisse-jean-23.fr\/wp\/wp-json\/wp\/v2\/posts"}],"about":[{"href":"https:\/\/paroisse-jean-23.fr\/wp\/wp-json\/wp\/v2\/types\/post"}],"author":[{"embeddable":true,"href":"https:\/\/paroisse-jean-23.fr\/wp\/wp-json\/wp\/v2\/users\/1"}],"replies":[{"embeddable":true,"href":"https:\/\/paroisse-jean-23.fr\/wp\/wp-json\/wp\/v2\/comments?post=5747"}],"version-history":[{"count":1,"href":"https:\/\/paroisse-jean-23.fr\/wp\/wp-json\/wp\/v2\/posts\/5747\/revisions"}],"predecessor-version":[{"id":5749,"href":"https:\/\/paroisse-jean-23.fr\/wp\/wp-json\/wp\/v2\/posts\/5747\/revisions\/5749"}],"wp:featuredmedia":[{"embeddable":true,"href":"https:\/\/paroisse-jean-23.fr\/wp\/wp-json\/wp\/v2\/media\/5762"}],"wp:attachment":[{"href":"https:\/\/paroisse-jean-23.fr\/wp\/wp-json\/wp\/v2\/media?parent=5747"}],"wp:term":[{"taxonomy":"category","embeddable":true,"href":"https:\/\/paroisse-jean-23.fr\/wp\/wp-json\/wp\/v2\/categories?post=5747"},{"taxonomy":"post_tag","embeddable":true,"href":"https:\/\/paroisse-jean-23.fr\/wp\/wp-json\/wp\/v2\/tags?post=5747"}],"curies":[{"name":"wp","href":"https:\/\/api.w.org\/{rel}","templated":true}]}}