{"id":5663,"date":"2025-03-01T09:47:41","date_gmt":"2025-03-01T08:47:41","guid":{"rendered":"https:\/\/paroisse-jean-23.fr\/wp\/?p=5663"},"modified":"2025-03-01T09:47:41","modified_gmt":"2025-03-01T08:47:41","slug":"le-journal-de-la-paroisse-de-mars-2025","status":"publish","type":"post","link":"https:\/\/paroisse-jean-23.fr\/wp\/le-journal-de-la-paroisse-de-mars-2025\/","title":{"rendered":"Le journal de la paroisse de Mars 2025"},"content":{"rendered":"<p>L\u2019\u00e9quipe de communication de la Paroisse est heureuse de vous pr\u00e9senter la nouvelle \u00e9dition du journal paroissial.<\/p>\n<p>Vous trouverez ci-dessous la version num\u00e9rique.<\/p>\n<p><a href=\"https:\/\/paroisse-jean-23.fr\/wp\/le-journal-de-la-paroisse-de-mars-2025\/mars-2025\/\" rel=\"attachment wp-att-5664\">Mars 2025<\/a><\/p>\n","protected":false},"excerpt":{"rendered":"<p>L\u2019\u00e9quipe de communication de la Paroisse est heureuse de vous pr\u00e9senter la nouvelle \u00e9dition du journal paroissial. Vous trouverez ci-dessous la version num\u00e9rique. Mars 2025<span class=\"more-link\"><a href=\"https:\/\/paroisse-jean-23.fr\/wp\/le-journal-de-la-paroisse-de-mars-2025\/\">Lire la suite<\/a><\/span><\/p>\n","protected":false},"author":1,"featured_media":5073,"comment_status":"open","ping_status":"open","sticky":false,"template":"","format":"standard","meta":{"footnotes":""},"categories":[341],"tags":[409],"class_list":["entry","author-jean","post-5663","post","type-post","status-publish","format-standard","has-post-thumbnail","category-au-sein-de-la-paroisse","tag-journal-de-la-paroisse"],"_links":{"self":[{"href":"https:\/\/paroisse-jean-23.fr\/wp\/wp-json\/wp\/v2\/posts\/5663","targetHints":{"allow":["GET"]}}],"collection":[{"href":"https:\/\/paroisse-jean-23.fr\/wp\/wp-json\/wp\/v2\/posts"}],"about":[{"href":"https:\/\/paroisse-jean-23.fr\/wp\/wp-json\/wp\/v2\/types\/post"}],"author":[{"embeddable":true,"href":"https:\/\/paroisse-jean-23.fr\/wp\/wp-json\/wp\/v2\/users\/1"}],"replies":[{"embeddable":true,"href":"https:\/\/paroisse-jean-23.fr\/wp\/wp-json\/wp\/v2\/comments?post=5663"}],"version-history":[{"count":2,"href":"https:\/\/paroisse-jean-23.fr\/wp\/wp-json\/wp\/v2\/posts\/5663\/revisions"}],"predecessor-version":[{"id":5666,"href":"https:\/\/paroisse-jean-23.fr\/wp\/wp-json\/wp\/v2\/posts\/5663\/revisions\/5666"}],"wp:featuredmedia":[{"embeddable":true,"href":"https:\/\/paroisse-jean-23.fr\/wp\/wp-json\/wp\/v2\/media\/5073"}],"wp:attachment":[{"href":"https:\/\/paroisse-jean-23.fr\/wp\/wp-json\/wp\/v2\/media?parent=5663"}],"wp:term":[{"taxonomy":"category","embeddable":true,"href":"https:\/\/paroisse-jean-23.fr\/wp\/wp-json\/wp\/v2\/categories?post=5663"},{"taxonomy":"post_tag","embeddable":true,"href":"https:\/\/paroisse-jean-23.fr\/wp\/wp-json\/wp\/v2\/tags?post=5663"}],"curies":[{"name":"wp","href":"https:\/\/api.w.org\/{rel}","templated":true}]}}