{"id":5095,"date":"2023-10-12T23:12:06","date_gmt":"2023-10-12T21:12:06","guid":{"rendered":"https:\/\/paroisse-jean-23.fr\/wp\/?p=5095"},"modified":"2023-10-12T23:12:06","modified_gmt":"2023-10-12T21:12:06","slug":"synode-2021-2024-premiere-session-generale-des-eveques-a-rome","status":"publish","type":"post","link":"https:\/\/paroisse-jean-23.fr\/wp\/synode-2021-2024-premiere-session-generale-des-eveques-a-rome\/","title":{"rendered":"Synode 2021-2024 : premi\u00e8re session g\u00e9n\u00e9rale des \u00e9v\u00eaques \u00e0 Rome"},"content":{"rendered":"<h3>Le Synode sur la synodalit\u00e9 poursuit sa route dans notre \u00e9glise. Une \u00e9tape importante actuellement :<br \/>\nDu 4 au 29 octobre 2023, premi\u00e8re Assembl\u00e9e g\u00e9n\u00e9rale des \u00e9v\u00eaques \u00e0 Rome.<\/h3>\n<div dir=\"ltr\">\n<div>\n<ul>\n<li>La nouveaut\u00e9 de cette 16\u00e8me session g\u00e9n\u00e9rale des \u00e9v\u00eaques, c\u2019est que les <a title=\"Ensemble des chr\u00e9tiens - except\u00e9 les pr\u00eatres et religieux\" href=\"https:\/\/eglise.catholique.fr\/glossaire\/laics\" target=\"_blank\" rel=\"noreferrer noopener\" data-saferedirecturl=\"https:\/\/www.google.com\/url?q=https:\/\/eglise.catholique.fr\/glossaire\/laics&amp;source=gmail&amp;ust=1697223340898000&amp;usg=AOvVaw2FqzFwmlMTRh54HnmG8S4E\">la\u00efcs<\/a> participants ont eux aussi un droit de vote. L\u2019assembl\u00e9e est consitu\u00e9e de 365 membres, dont 54 femmes et 62 cardinaux.<\/li>\n<\/ul>\n<\/div>\n<\/div>\n<div dir=\"ltr\">Il appartiendra au Pape, \u00e9clair\u00e9 par les d\u00e9bats du Synode, de prendre des d\u00e9cisions ou des orientations l\u2019ann\u00e9e prochaine, en octobre 2024 comme il l\u2019a annonc\u00e9. Il s\u2019agira vraisemblablement d\u2019un texte sous forme d\u2019une <a title=\"Lettre solennelle du Pape adress\u00e9e \u00e0 l'Eglise catholique.\" href=\"https:\/\/eglise.catholique.fr\/glossaire\/encyclique\" target=\"_blank\" rel=\"noreferrer noopener\" data-saferedirecturl=\"https:\/\/www.google.com\/url?q=https:\/\/eglise.catholique.fr\/glossaire\/encyclique&amp;source=gmail&amp;ust=1697223340898000&amp;usg=AOvVaw3vrI70JC6jDcPrnUgeUZBl\">encyclique<\/a>, comme cela a pu \u00eatre le cas avec d\u2019autres Synodes (<a href=\"https:\/\/eglise.catholique.fr\/actualites\/synode-sur-lamazonie\/492931-exhortation-apostolique-post-synodale-querida-amazonia\/\" target=\"_blank\" rel=\"noreferrer noopener\" data-saferedirecturl=\"https:\/\/www.google.com\/url?q=https:\/\/eglise.catholique.fr\/actualites\/synode-sur-lamazonie\/492931-exhortation-apostolique-post-synodale-querida-amazonia\/&amp;source=gmail&amp;ust=1697223340898000&amp;usg=AOvVaw0H3JHjntsLi9FsO5WN-2ft\">Querida Amazonia<\/a>, \u00e0 la suite du <a href=\"https:\/\/eglise.catholique.fr\/actualites\/synode-sur-lamazonie\/\" target=\"_blank\" rel=\"noreferrer noopener\" data-saferedirecturl=\"https:\/\/www.google.com\/url?q=https:\/\/eglise.catholique.fr\/actualites\/synode-sur-lamazonie\/&amp;source=gmail&amp;ust=1697223340898000&amp;usg=AOvVaw0bNmtid94lFrwbzlHilyw3\">Synode sur l\u2019Amazonie<\/a>, <a href=\"https:\/\/eglise.catholique.fr\/sengager-dans-la-societe\/la-famille\/amoris-laetitia\/\" target=\"_blank\" rel=\"noreferrer noopener\" data-saferedirecturl=\"https:\/\/www.google.com\/url?q=https:\/\/eglise.catholique.fr\/sengager-dans-la-societe\/la-famille\/amoris-laetitia\/&amp;source=gmail&amp;ust=1697223340898000&amp;usg=AOvVaw12Cv9qdXsThDPfGK2wCvay\">Amoris L\u00e6titia<\/a> \u00e0 l\u2019issue de deux <a href=\"https:\/\/eglise.catholique.fr\/actualites\/dossiers\/synode-des-eveques-sur-la-famille\/\" target=\"_blank\" rel=\"noreferrer noopener\" data-saferedirecturl=\"https:\/\/www.google.com\/url?q=https:\/\/eglise.catholique.fr\/actualites\/dossiers\/synode-des-eveques-sur-la-famille\/&amp;source=gmail&amp;ust=1697223340898000&amp;usg=AOvVaw0PVAc4m-klPbUB5PiEmQsO\">synodes sur la famille<\/a>).<\/div>\n<div dir=\"ltr\"><\/div>\n<blockquote class=\"wp-embedded-content\" data-secret=\"tg76PdKFEt\"><p><a href=\"https:\/\/eglise.catholique.fr\/synode-des-eveques-2024-sur-la-synodalite\/quest-ce-que-le-synode-des-eveques-sur-la-synodalite-2021-2024\/\">Qu&rsquo;est-ce que le Synode des \u00e9v\u00eaques sur la synodalit\u00e9 2021-2024 ?<\/a><\/p><\/blockquote>\n<p><iframe class=\"wp-embedded-content\" sandbox=\"allow-scripts\" security=\"restricted\" style=\"position: absolute; clip: rect(1px, 1px, 1px, 1px);\" title=\"\u00ab\u00a0Qu&rsquo;est-ce que le Synode des \u00e9v\u00eaques sur la synodalit\u00e9 2021-2024 ?\u00a0\u00bb &#8212; \u00c9glise catholique en France\" src=\"https:\/\/eglise.catholique.fr\/synode-des-eveques-2024-sur-la-synodalite\/quest-ce-que-le-synode-des-eveques-sur-la-synodalite-2021-2024\/embed\/#?secret=tg76PdKFEt\" data-secret=\"tg76PdKFEt\" width=\"600\" height=\"338\" frameborder=\"0\" marginwidth=\"0\" marginheight=\"0\" scrolling=\"no\"><\/iframe><\/p>\n<p>Initialement pr\u00e9vue en 2022, la XVIe Assembl\u00e9e G\u00e9n\u00e9rale Ordinaire du Synode des \u00e9v\u00eaques s\u2019ouvrira en octobre 2021.<\/p>\n<p>&nbsp;<\/p>\n","protected":false},"excerpt":{"rendered":"<p>Le Synode sur la synodalit\u00e9 poursuit sa route dans notre \u00e9glise. Une \u00e9tape importante actuellement : Du 4 au 29 octobre 2023, premi\u00e8re Assembl\u00e9e g\u00e9n\u00e9rale<span class=\"more-link\"><a href=\"https:\/\/paroisse-jean-23.fr\/wp\/synode-2021-2024-premiere-session-generale-des-eveques-a-rome\/\">Lire la suite<\/a><\/span><\/p>\n","protected":false},"author":1,"featured_media":5096,"comment_status":"open","ping_status":"open","sticky":false,"template":"","format":"standard","meta":{"footnotes":""},"categories":[262],"tags":[307],"class_list":["entry","author-jean","post-5095","post","type-post","status-publish","format-standard","has-post-thumbnail","category-dans-notre-eglise","tag-synode-2023"],"_links":{"self":[{"href":"https:\/\/paroisse-jean-23.fr\/wp\/wp-json\/wp\/v2\/posts\/5095","targetHints":{"allow":["GET"]}}],"collection":[{"href":"https:\/\/paroisse-jean-23.fr\/wp\/wp-json\/wp\/v2\/posts"}],"about":[{"href":"https:\/\/paroisse-jean-23.fr\/wp\/wp-json\/wp\/v2\/types\/post"}],"author":[{"embeddable":true,"href":"https:\/\/paroisse-jean-23.fr\/wp\/wp-json\/wp\/v2\/users\/1"}],"replies":[{"embeddable":true,"href":"https:\/\/paroisse-jean-23.fr\/wp\/wp-json\/wp\/v2\/comments?post=5095"}],"version-history":[{"count":1,"href":"https:\/\/paroisse-jean-23.fr\/wp\/wp-json\/wp\/v2\/posts\/5095\/revisions"}],"predecessor-version":[{"id":5097,"href":"https:\/\/paroisse-jean-23.fr\/wp\/wp-json\/wp\/v2\/posts\/5095\/revisions\/5097"}],"wp:featuredmedia":[{"embeddable":true,"href":"https:\/\/paroisse-jean-23.fr\/wp\/wp-json\/wp\/v2\/media\/5096"}],"wp:attachment":[{"href":"https:\/\/paroisse-jean-23.fr\/wp\/wp-json\/wp\/v2\/media?parent=5095"}],"wp:term":[{"taxonomy":"category","embeddable":true,"href":"https:\/\/paroisse-jean-23.fr\/wp\/wp-json\/wp\/v2\/categories?post=5095"},{"taxonomy":"post_tag","embeddable":true,"href":"https:\/\/paroisse-jean-23.fr\/wp\/wp-json\/wp\/v2\/tags?post=5095"}],"curies":[{"name":"wp","href":"https:\/\/api.w.org\/{rel}","templated":true}]}}