{"id":4653,"date":"2023-02-05T10:40:55","date_gmt":"2023-02-05T09:40:55","guid":{"rendered":"https:\/\/paroisse-jean-23.fr\/wp\/?p=4653"},"modified":"2023-02-05T10:40:55","modified_gmt":"2023-02-05T09:40:55","slug":"lettre-aux-paroissiens-bonne-annee-et-meilleur-voeux","status":"publish","type":"post","link":"https:\/\/paroisse-jean-23.fr\/wp\/lettre-aux-paroissiens-bonne-annee-et-meilleur-voeux\/","title":{"rendered":"Lettre aux paroissiens &#8230; Bonne ann\u00e9e et meilleur voeux"},"content":{"rendered":"<p><strong>Bonne ann\u00e9e et meilleurs v\u0153ux\u00a0!<\/strong><\/p>\n<p><strong>Et surtout, je nous souhaite beaucoup de saintet\u00e9.<\/strong><\/p>\n<p>Nous commen\u00e7ons une nouvelle ann\u00e9e dans le Seigneur pleine de projets, d\u2019enthousiasme, avec beaucoup de force et de joie.<\/p>\n<p>Tout au long de l\u2019ann\u00e9e 2022, nous avons re\u00e7u plein de gr\u00e2ce\u00a0; puis, les f\u00eates de fin d\u2019ann\u00e9e, la Nativit\u00e9, les messes, les sacrements, l\u2019arriv\u00e9e de Rois Mages nous ont permis \u00e0 chacun d\u2019entre nous, de r\u00e9pondre \u00e0 l\u2019appel de tous les chr\u00e9tiens\u00a0: l\u2019annonce de la Bonne Nouvelle.<\/p>\n<p>Prions pour les enfants de la cat\u00e9ch\u00e8se et les cat\u00e9chum\u00e8nes qui pr\u00e9parent leur bapt\u00eame pour P\u00e2ques\u00a0; ils vont accueillir cette grande joie\u00a0qu\u2019est de recevoir le Christ dans leur vie\u00a0!<\/p>\n<p>Prions aussi pour tous les couples qui se pr\u00e9parent au mariage et pour toutes les familles qui ont choisi de faire baptiser leur enfant.<\/p>\n<p>Chacun d\u2019entre eux font partie de notre \u00c9glise, cheminant vers un m\u00eame but\u00a0: partager le Christ.<\/p>\n<p>Souvenons-nous aussi de nos fid\u00e8les d\u00e9funts qui nous quitt\u00e9s l\u2019an dernier\u00a0; qu\u2019ils soient dans la Paix aupr\u00e8s de notre Seigneur et que leurs familles connaissent la consolation et l\u2019esp\u00e9rance.<\/p>\n<p>Que la Tr\u00e8s Sainte Vierge Marie nous guide toujours vers de son Fils et qu\u2019avec le Saint Esprit, nous puissions donner t\u00e9moignage de cette<strong> Bonne Nouvelle\u00a0: Un enfant nous est n\u00e9, le Christ, le Seigneur, nous a \u00e9t\u00e9 donn\u00e9.<\/strong><\/p>\n<p><strong>P\u00e8re Humberto PABON<\/strong><\/p>\n","protected":false},"excerpt":{"rendered":"<p>Bonne ann\u00e9e et meilleurs v\u0153ux\u00a0! Et surtout, je nous souhaite beaucoup de saintet\u00e9. Nous commen\u00e7ons une nouvelle ann\u00e9e dans le Seigneur pleine de projets, d\u2019enthousiasme,<span class=\"more-link\"><a href=\"https:\/\/paroisse-jean-23.fr\/wp\/lettre-aux-paroissiens-bonne-annee-et-meilleur-voeux\/\">Lire la suite<\/a><\/span><\/p>\n","protected":false},"author":1,"featured_media":4572,"comment_status":"open","ping_status":"open","sticky":false,"template":"","format":"standard","meta":{"footnotes":""},"categories":[72],"tags":[],"class_list":["entry","author-jean","post-4653","post","type-post","status-publish","format-standard","has-post-thumbnail","category-lettres-aux-paroissiens"],"_links":{"self":[{"href":"https:\/\/paroisse-jean-23.fr\/wp\/wp-json\/wp\/v2\/posts\/4653","targetHints":{"allow":["GET"]}}],"collection":[{"href":"https:\/\/paroisse-jean-23.fr\/wp\/wp-json\/wp\/v2\/posts"}],"about":[{"href":"https:\/\/paroisse-jean-23.fr\/wp\/wp-json\/wp\/v2\/types\/post"}],"author":[{"embeddable":true,"href":"https:\/\/paroisse-jean-23.fr\/wp\/wp-json\/wp\/v2\/users\/1"}],"replies":[{"embeddable":true,"href":"https:\/\/paroisse-jean-23.fr\/wp\/wp-json\/wp\/v2\/comments?post=4653"}],"version-history":[{"count":1,"href":"https:\/\/paroisse-jean-23.fr\/wp\/wp-json\/wp\/v2\/posts\/4653\/revisions"}],"predecessor-version":[{"id":4654,"href":"https:\/\/paroisse-jean-23.fr\/wp\/wp-json\/wp\/v2\/posts\/4653\/revisions\/4654"}],"wp:featuredmedia":[{"embeddable":true,"href":"https:\/\/paroisse-jean-23.fr\/wp\/wp-json\/wp\/v2\/media\/4572"}],"wp:attachment":[{"href":"https:\/\/paroisse-jean-23.fr\/wp\/wp-json\/wp\/v2\/media?parent=4653"}],"wp:term":[{"taxonomy":"category","embeddable":true,"href":"https:\/\/paroisse-jean-23.fr\/wp\/wp-json\/wp\/v2\/categories?post=4653"},{"taxonomy":"post_tag","embeddable":true,"href":"https:\/\/paroisse-jean-23.fr\/wp\/wp-json\/wp\/v2\/tags?post=4653"}],"curies":[{"name":"wp","href":"https:\/\/api.w.org\/{rel}","templated":true}]}}