{"id":4434,"date":"2022-10-20T16:51:08","date_gmt":"2022-10-20T14:51:08","guid":{"rendered":"https:\/\/paroisse-jean-23.fr\/wp\/?p=4434"},"modified":"2022-10-20T16:51:08","modified_gmt":"2022-10-20T14:51:08","slug":"lettre-aux-paroissiens-octobre-2022-de-labbe-jean-sebastien-strumia","status":"publish","type":"post","link":"https:\/\/paroisse-jean-23.fr\/wp\/lettre-aux-paroissiens-octobre-2022-de-labbe-jean-sebastien-strumia\/","title":{"rendered":"Lettre aux paroissiens &#8211; Octobre 2022 de l&rsquo;Abb\u00e9 Jean-S\u00e9bastien STRUMIA"},"content":{"rendered":"<h2>Le journal paroissial m\u2019offre l\u2019occasion de me pr\u00e9senter plus largement \u00e0 la communaut\u00e9.<\/h2>\n<p>Je suis arriv\u00e9 en septembre 2021, en tant que pr\u00eatre r\u00e9sidant sur la commune de Lansargues, j\u2019aide le P\u00e8re Humberto lorsque je suis disponible. Car mon minist\u00e8re est dioc\u00e9sain puisque je suis charg\u00e9 du Service de la formation pastorale et spirituelle, cela regroupe les propositions pour les la\u00efcs, le Centre d\u2019\u00c9tudes Guilhem de Gellone, la formation permanente du clerg\u00e9 et d\u2019autres missions.<\/p>\n<p>Pour votre paroisse, je c\u00e9l\u00e8bre les sacrements et quelques obs\u00e8ques au cours de l\u2019ann\u00e9e. Je remercie le P\u00e8re Humberto de son accueil. J\u2019ai \u00e9t\u00e9 heureux de d\u00e9couvrir vos \u00e9glises et les diff\u00e9rentes assembl\u00e9es qui composent votre communaut\u00e9. Je connais un peu le territoire puisque j\u2019ai commenc\u00e9 mon apostolat de pr\u00eatre sur la paroisse St\u00a0Philippe du Vidourle. Apr\u00e8s, j\u2019ai \u00e9t\u00e9 nomm\u00e9 aum\u00f4nier dioc\u00e9sain des \u00e9tudiants, puis cur\u00e9 de la paroisse \u00e9tudiante Ste Bernadette. Parall\u00e8lement, j\u2019ai toujours assur\u00e9 de l\u2019enseignement en philosophie et en th\u00e9ologie. Aussi j\u2019ai eu une exp\u00e9rience assez riche dans la pastorale des jeunes.<\/p>\n<p>Originaire de B\u00e9ziers, j\u2019ai \u00e9t\u00e9 s\u00e9minariste \u00e0 l\u2019\u00e2ge de 18 ans, j\u2019ai \u00e9t\u00e9 au s\u00e9minaire en Avignon, la facult\u00e9 des Lettres de Paul Val\u00e9ry, au s\u00e9minaire fran\u00e7ais de Rome et \u00e0 l\u2019universit\u00e9 Gr\u00e9gorienne, puis les universit\u00e9s catholiques de Lyon et de Toulouse. Ce parcours assez long m\u2019a permis de valider un master2 en philosophie et un doctorat en th\u00e9ologie.<\/p>\n<p>Je suis ravi d\u2019\u00eatre au service de votre paroisse, c\u2019est important pour moi d\u2019avoir une communaut\u00e9 avec laquelle je peux c\u00e9l\u00e9brer l\u2019eucharistie.<\/p>\n<p><strong>Abb\u00e9 Jean-S\u00e9bastien STRUMIA <\/strong><\/p>\n","protected":false},"excerpt":{"rendered":"<p>Le journal paroissial m\u2019offre l\u2019occasion de me pr\u00e9senter plus largement \u00e0 la communaut\u00e9. Je suis arriv\u00e9 en septembre 2021, en tant que pr\u00eatre r\u00e9sidant sur<span class=\"more-link\"><a href=\"https:\/\/paroisse-jean-23.fr\/wp\/lettre-aux-paroissiens-octobre-2022-de-labbe-jean-sebastien-strumia\/\">Lire la suite<\/a><\/span><\/p>\n","protected":false},"author":1,"featured_media":4436,"comment_status":"open","ping_status":"open","sticky":false,"template":"","format":"standard","meta":{"footnotes":""},"categories":[72,1],"tags":[],"class_list":["entry","author-jean","post-4434","post","type-post","status-publish","format-standard","has-post-thumbnail","category-lettres-aux-paroissiens","category-non-classe"],"_links":{"self":[{"href":"https:\/\/paroisse-jean-23.fr\/wp\/wp-json\/wp\/v2\/posts\/4434","targetHints":{"allow":["GET"]}}],"collection":[{"href":"https:\/\/paroisse-jean-23.fr\/wp\/wp-json\/wp\/v2\/posts"}],"about":[{"href":"https:\/\/paroisse-jean-23.fr\/wp\/wp-json\/wp\/v2\/types\/post"}],"author":[{"embeddable":true,"href":"https:\/\/paroisse-jean-23.fr\/wp\/wp-json\/wp\/v2\/users\/1"}],"replies":[{"embeddable":true,"href":"https:\/\/paroisse-jean-23.fr\/wp\/wp-json\/wp\/v2\/comments?post=4434"}],"version-history":[{"count":2,"href":"https:\/\/paroisse-jean-23.fr\/wp\/wp-json\/wp\/v2\/posts\/4434\/revisions"}],"predecessor-version":[{"id":4437,"href":"https:\/\/paroisse-jean-23.fr\/wp\/wp-json\/wp\/v2\/posts\/4434\/revisions\/4437"}],"wp:featuredmedia":[{"embeddable":true,"href":"https:\/\/paroisse-jean-23.fr\/wp\/wp-json\/wp\/v2\/media\/4436"}],"wp:attachment":[{"href":"https:\/\/paroisse-jean-23.fr\/wp\/wp-json\/wp\/v2\/media?parent=4434"}],"wp:term":[{"taxonomy":"category","embeddable":true,"href":"https:\/\/paroisse-jean-23.fr\/wp\/wp-json\/wp\/v2\/categories?post=4434"},{"taxonomy":"post_tag","embeddable":true,"href":"https:\/\/paroisse-jean-23.fr\/wp\/wp-json\/wp\/v2\/tags?post=4434"}],"curies":[{"name":"wp","href":"https:\/\/api.w.org\/{rel}","templated":true}]}}