{"id":3972,"date":"2022-03-17T12:35:32","date_gmt":"2022-03-17T11:35:32","guid":{"rendered":"https:\/\/paroisse-jean-23.fr\/wp\/?p=3972"},"modified":"2022-03-17T14:25:16","modified_gmt":"2022-03-17T13:25:16","slug":"tous-invites-le-20-mars-eglise-de-mauguio-15h","status":"publish","type":"post","link":"https:\/\/paroisse-jean-23.fr\/wp\/tous-invites-le-20-mars-eglise-de-mauguio-15h\/","title":{"rendered":"tous invit\u00e9s le 20 mars, \u00e9glise de Mauguio, 15H."},"content":{"rendered":"<p style=\"text-align: center;\"><strong>Temps fort pour tout le secteur, \u00e0 l&rsquo;\u00e9glise de Mauguio<\/strong><\/p>\n<p><strong>15H.<\/strong> : Pr\u00e9parer P\u00e2ques ensemble \u00e0 l&rsquo;appel de notre pape Fran\u00e7ois, sur la synodalit\u00e9.<\/p>\n<p><em>\u00ab\u00a0Le chemin de la synodalit\u00e9 est celui que Dieu attend de l\u2019\u00c9glise au troisi\u00e8me mill\u00e9naire\u00a0\u00bb<\/em><\/p>\n<blockquote class=\"wp-embedded-content\" data-secret=\"w3LVcpD2eG\"><p><a href=\"https:\/\/montpellier.catholique.fr\/synode-2023-vers-la-synodalite\/\">Synode 2023 vers la synodalit\u00e9<\/a><\/p><\/blockquote>\n<p><iframe class=\"wp-embedded-content\" sandbox=\"allow-scripts\" security=\"restricted\" style=\"position: absolute; clip: rect(1px, 1px, 1px, 1px);\" title=\"\u00ab\u00a0Synode 2023 vers la synodalit\u00e9\u00a0\u00bb &#8212; Dioc\u00e8se de Montpellier\" src=\"https:\/\/montpellier.catholique.fr\/synode-2023-vers-la-synodalite\/embed\/#?secret=ufxJO5Qzae#?secret=w3LVcpD2eG\" data-secret=\"w3LVcpD2eG\" width=\"600\" height=\"338\" frameborder=\"0\" marginwidth=\"0\" marginheight=\"0\" scrolling=\"no\"><\/iframe><\/p>\n<p><strong>17H.<\/strong> : Concert de chant et cithare sur les psaumes de la Vigile Pascale, par Maguy Gerentet.\u00a0\u00a0\u00a0 participation libre<\/p>\n","protected":false},"excerpt":{"rendered":"<p>Temps fort pour tout le secteur, \u00e0 l&rsquo;\u00e9glise de Mauguio 15H. : Pr\u00e9parer P\u00e2ques ensemble \u00e0 l&rsquo;appel de notre pape Fran\u00e7ois, sur la synodalit\u00e9. \u00ab\u00a0Le<span class=\"more-link\"><a href=\"https:\/\/paroisse-jean-23.fr\/wp\/tous-invites-le-20-mars-eglise-de-mauguio-15h\/\">Lire la suite<\/a><\/span><\/p>\n","protected":false},"author":2239,"featured_media":3971,"comment_status":"open","ping_status":"open","sticky":false,"template":"","format":"standard","meta":{"footnotes":""},"categories":[262,341,1],"tags":[141],"class_list":["entry","author-claude","post-3972","post","type-post","status-publish","format-standard","has-post-thumbnail","category-dans-notre-eglise","category-au-sein-de-la-paroisse","category-non-classe","tag-messe-paroisse-st-jean-xxiii"],"_links":{"self":[{"href":"https:\/\/paroisse-jean-23.fr\/wp\/wp-json\/wp\/v2\/posts\/3972","targetHints":{"allow":["GET"]}}],"collection":[{"href":"https:\/\/paroisse-jean-23.fr\/wp\/wp-json\/wp\/v2\/posts"}],"about":[{"href":"https:\/\/paroisse-jean-23.fr\/wp\/wp-json\/wp\/v2\/types\/post"}],"author":[{"embeddable":true,"href":"https:\/\/paroisse-jean-23.fr\/wp\/wp-json\/wp\/v2\/users\/2239"}],"replies":[{"embeddable":true,"href":"https:\/\/paroisse-jean-23.fr\/wp\/wp-json\/wp\/v2\/comments?post=3972"}],"version-history":[{"count":3,"href":"https:\/\/paroisse-jean-23.fr\/wp\/wp-json\/wp\/v2\/posts\/3972\/revisions"}],"predecessor-version":[{"id":3978,"href":"https:\/\/paroisse-jean-23.fr\/wp\/wp-json\/wp\/v2\/posts\/3972\/revisions\/3978"}],"wp:featuredmedia":[{"embeddable":true,"href":"https:\/\/paroisse-jean-23.fr\/wp\/wp-json\/wp\/v2\/media\/3971"}],"wp:attachment":[{"href":"https:\/\/paroisse-jean-23.fr\/wp\/wp-json\/wp\/v2\/media?parent=3972"}],"wp:term":[{"taxonomy":"category","embeddable":true,"href":"https:\/\/paroisse-jean-23.fr\/wp\/wp-json\/wp\/v2\/categories?post=3972"},{"taxonomy":"post_tag","embeddable":true,"href":"https:\/\/paroisse-jean-23.fr\/wp\/wp-json\/wp\/v2\/tags?post=3972"}],"curies":[{"name":"wp","href":"https:\/\/api.w.org\/{rel}","templated":true}]}}